{"id":2249,"date":"2020-04-15T19:03:35","date_gmt":"2020-04-15T17:03:35","guid":{"rendered":"http:\/\/www.pmlabogadosgrupoasesor.com\/?p=2249"},"modified":"2020-04-15T19:03:35","modified_gmt":"2020-04-15T17:03:35","slug":"aprobacion-del-aplazamiento-de-declaraciones-tributarias-por-el-covid-19","status":"publish","type":"post","link":"https:\/\/www.pmlabogadosgrupoasesor.com\/en\/aprobacion-del-aplazamiento-de-declaraciones-tributarias-por-el-covid-19\/","title":{"rendered":"Aprobaci\u00f3n del aplazamiento de declaraciones tributarias por el COVID-19"},"content":{"rendered":"<p><a href=\"http:\/\/www.pmlabogadosgrupoasesor.com\/wp-content\/uploads\/2020\/04\/Newsletter-COVID-19-_3_2.pdf\">Se ampl\u00eda el plazo de presentaci\u00f3n y liquidaci\u00f3n de los Impuestos para aquellas personas f\u00edsicas o jur\u00eddicas con volumen de operaciones (a efectos del IVA) no sea superior a 600.000 euros en el a\u00f1o 2019.<\/a><\/p>\n","protected":false},"excerpt":{"rendered":"<p>Se ampl\u00eda el plazo de presentaci\u00f3n y liquidaci\u00f3n de los Impuestos para aquellas personas f\u00edsicas o jur\u00eddicas con volumen de operaciones (a efectos del IVA) no sea superior a 600.000 euros en el a\u00f1o 2019.<\/p>\n","protected":false},"author":1,"featured_media":1539,"comment_status":"closed","ping_status":"open","sticky":false,"template":"","format":"standard","meta":{"footnotes":""},"categories":[25],"tags":[],"class_list":["post-2249","post","type-post","status-publish","format-standard","has-post-thumbnail","hentry","category-boletin"],"_links":{"self":[{"href":"https:\/\/www.pmlabogadosgrupoasesor.com\/en\/wp-json\/wp\/v2\/posts\/2249","targetHints":{"allow":["GET"]}}],"collection":[{"href":"https:\/\/www.pmlabogadosgrupoasesor.com\/en\/wp-json\/wp\/v2\/posts"}],"about":[{"href":"https:\/\/www.pmlabogadosgrupoasesor.com\/en\/wp-json\/wp\/v2\/types\/post"}],"author":[{"embeddable":true,"href":"https:\/\/www.pmlabogadosgrupoasesor.com\/en\/wp-json\/wp\/v2\/users\/1"}],"replies":[{"embeddable":true,"href":"https:\/\/www.pmlabogadosgrupoasesor.com\/en\/wp-json\/wp\/v2\/comments?post=2249"}],"version-history":[{"count":1,"href":"https:\/\/www.pmlabogadosgrupoasesor.com\/en\/wp-json\/wp\/v2\/posts\/2249\/revisions"}],"predecessor-version":[{"id":2251,"href":"https:\/\/www.pmlabogadosgrupoasesor.com\/en\/wp-json\/wp\/v2\/posts\/2249\/revisions\/2251"}],"wp:featuredmedia":[{"embeddable":true,"href":"https:\/\/www.pmlabogadosgrupoasesor.com\/en\/wp-json\/wp\/v2\/media\/1539"}],"wp:attachment":[{"href":"https:\/\/www.pmlabogadosgrupoasesor.com\/en\/wp-json\/wp\/v2\/media?parent=2249"}],"wp:term":[{"taxonomy":"category","embeddable":true,"href":"https:\/\/www.pmlabogadosgrupoasesor.com\/en\/wp-json\/wp\/v2\/categories?post=2249"},{"taxonomy":"post_tag","embeddable":true,"href":"https:\/\/www.pmlabogadosgrupoasesor.com\/en\/wp-json\/wp\/v2\/tags?post=2249"}],"curies":[{"name":"wp","href":"https:\/\/api.w.org\/{rel}","templated":true}]}}