{"id":2110,"date":"2019-03-13T17:52:04","date_gmt":"2019-03-13T16:52:04","guid":{"rendered":"http:\/\/www.pmlabogadosgrupoasesor.com\/?p=2110"},"modified":"2019-03-14T10:40:43","modified_gmt":"2019-03-14T09:40:43","slug":"la-reserva-de-capitalizacion-en-los-grupos-que-tributan-en-consolidacion-fiscal","status":"publish","type":"post","link":"https:\/\/www.pmlabogadosgrupoasesor.com\/en\/la-reserva-de-capitalizacion-en-los-grupos-que-tributan-en-consolidacion-fiscal\/","title":{"rendered":"La reserva de capitalizaci\u00f3n en los grupos que tributan en consolidaci\u00f3n fiscal"},"content":{"rendered":"<p><a href=\"http:\/\/www.pmlabogadosgrupoasesor.com\/wp-content\/uploads\/2019\/03\/Newsletter-Reserva-de-Capitalizaci\u00f3n.pdf\">La Direcci\u00f3n General de Tributos modifica el criterio administrativo que ven\u00eda rigiendo para el c\u00e1lculo de la reserva de capitalizaci\u00f3n en los grupos que tributan en consolidaci\u00f3n fiscal.<\/a><\/p>\n","protected":false},"excerpt":{"rendered":"<p>La Direcci\u00f3n General de Tributos modifica el criterio administrativo que ven\u00eda rigiendo para el c\u00e1lculo de la reserva de capitalizaci\u00f3n en los grupos que tributan en consolidaci\u00f3n fiscal.<\/p>\n","protected":false},"author":1,"featured_media":2112,"comment_status":"closed","ping_status":"open","sticky":false,"template":"","format":"standard","meta":{"footnotes":""},"categories":[25],"tags":[],"class_list":["post-2110","post","type-post","status-publish","format-standard","has-post-thumbnail","hentry","category-boletin"],"_links":{"self":[{"href":"https:\/\/www.pmlabogadosgrupoasesor.com\/en\/wp-json\/wp\/v2\/posts\/2110","targetHints":{"allow":["GET"]}}],"collection":[{"href":"https:\/\/www.pmlabogadosgrupoasesor.com\/en\/wp-json\/wp\/v2\/posts"}],"about":[{"href":"https:\/\/www.pmlabogadosgrupoasesor.com\/en\/wp-json\/wp\/v2\/types\/post"}],"author":[{"embeddable":true,"href":"https:\/\/www.pmlabogadosgrupoasesor.com\/en\/wp-json\/wp\/v2\/users\/1"}],"replies":[{"embeddable":true,"href":"https:\/\/www.pmlabogadosgrupoasesor.com\/en\/wp-json\/wp\/v2\/comments?post=2110"}],"version-history":[{"count":3,"href":"https:\/\/www.pmlabogadosgrupoasesor.com\/en\/wp-json\/wp\/v2\/posts\/2110\/revisions"}],"predecessor-version":[{"id":2123,"href":"https:\/\/www.pmlabogadosgrupoasesor.com\/en\/wp-json\/wp\/v2\/posts\/2110\/revisions\/2123"}],"wp:featuredmedia":[{"embeddable":true,"href":"https:\/\/www.pmlabogadosgrupoasesor.com\/en\/wp-json\/wp\/v2\/media\/2112"}],"wp:attachment":[{"href":"https:\/\/www.pmlabogadosgrupoasesor.com\/en\/wp-json\/wp\/v2\/media?parent=2110"}],"wp:term":[{"taxonomy":"category","embeddable":true,"href":"https:\/\/www.pmlabogadosgrupoasesor.com\/en\/wp-json\/wp\/v2\/categories?post=2110"},{"taxonomy":"post_tag","embeddable":true,"href":"https:\/\/www.pmlabogadosgrupoasesor.com\/en\/wp-json\/wp\/v2\/tags?post=2110"}],"curies":[{"name":"wp","href":"https:\/\/api.w.org\/{rel}","templated":true}]}}