{"id":2022,"date":"2018-10-22T15:57:41","date_gmt":"2018-10-22T13:57:41","guid":{"rendered":"http:\/\/www.pmlabogadosgrupoasesor.com\/?p=2022"},"modified":"2018-10-25T09:31:50","modified_gmt":"2018-10-25T07:31:50","slug":"desayuno-internacional-claves-para-la-expatriacion-internacional","status":"publish","type":"post","link":"https:\/\/www.pmlabogadosgrupoasesor.com\/en\/desayuno-internacional-claves-para-la-expatriacion-internacional\/","title":{"rendered":"Desayuno internacional- Claves para la expatriaci\u00f3n internacional"},"content":{"rendered":"<p>El pasado 18 de octubre de 2018 en la C\u00e1mara de Comercio de Valencia varios profesionales de PML Abogados Grupo Asesor celebraron una conferencia sobre las claves para la expatriaci\u00f3n internacional.<\/p>\n<p>Al mismo asistieron empresas relevantes de diversos sectores como automoci\u00f3n, ingenier\u00eda civil, qu\u00edmica o mar\u00edtimo entre otros.<\/p>\n<p>&nbsp;<\/p>\n<p><a href=\"http:\/\/www.pmlabogadosgrupoasesor.com\/wp-content\/uploads\/2018\/10\/PROGRAMA-CAMARA-DE-COMERCIO.pdf\">Programa C\u00e1mara de Comercio<\/a><\/p>\n<p><a href=\"http:\/\/www.pmlabogadosgrupoasesor.com\/wp-content\/uploads\/2018\/10\/Presentaci\u00f3n-C\u00e1mara-de-Comercio-Oct-2018-converted.pdf\">Presentaci\u00f3n C\u00e1mara de Comercio<\/a><\/p>\n","protected":false},"excerpt":{"rendered":"<p>El pasado 18 de octubre de 2018 en la C\u00e1mara de Comercio de Valencia varios profesionales de PML Abogados Grupo Asesor celebraron una conferencia sobre las claves para la expatriaci\u00f3n internacional. Al mismo asistieron empresas relevantes de diversos sectores como automoci\u00f3n, ingenier\u00eda civil, qu\u00edmica o mar\u00edtimo entre otros. &nbsp; Programa C\u00e1mara de Comercio Presentaci\u00f3n C\u00e1mara<span class=\"excerpt-more\"> [&#8230;]<\/span><\/p>\n","protected":false},"author":1,"featured_media":2025,"comment_status":"closed","ping_status":"open","sticky":false,"template":"","format":"standard","meta":{"footnotes":""},"categories":[25,1],"tags":[],"class_list":["post-2022","post","type-post","status-publish","format-standard","has-post-thumbnail","hentry","category-boletin","category-sin-categoria"],"_links":{"self":[{"href":"https:\/\/www.pmlabogadosgrupoasesor.com\/en\/wp-json\/wp\/v2\/posts\/2022","targetHints":{"allow":["GET"]}}],"collection":[{"href":"https:\/\/www.pmlabogadosgrupoasesor.com\/en\/wp-json\/wp\/v2\/posts"}],"about":[{"href":"https:\/\/www.pmlabogadosgrupoasesor.com\/en\/wp-json\/wp\/v2\/types\/post"}],"author":[{"embeddable":true,"href":"https:\/\/www.pmlabogadosgrupoasesor.com\/en\/wp-json\/wp\/v2\/users\/1"}],"replies":[{"embeddable":true,"href":"https:\/\/www.pmlabogadosgrupoasesor.com\/en\/wp-json\/wp\/v2\/comments?post=2022"}],"version-history":[{"count":4,"href":"https:\/\/www.pmlabogadosgrupoasesor.com\/en\/wp-json\/wp\/v2\/posts\/2022\/revisions"}],"predecessor-version":[{"id":2054,"href":"https:\/\/www.pmlabogadosgrupoasesor.com\/en\/wp-json\/wp\/v2\/posts\/2022\/revisions\/2054"}],"wp:featuredmedia":[{"embeddable":true,"href":"https:\/\/www.pmlabogadosgrupoasesor.com\/en\/wp-json\/wp\/v2\/media\/2025"}],"wp:attachment":[{"href":"https:\/\/www.pmlabogadosgrupoasesor.com\/en\/wp-json\/wp\/v2\/media?parent=2022"}],"wp:term":[{"taxonomy":"category","embeddable":true,"href":"https:\/\/www.pmlabogadosgrupoasesor.com\/en\/wp-json\/wp\/v2\/categories?post=2022"},{"taxonomy":"post_tag","embeddable":true,"href":"https:\/\/www.pmlabogadosgrupoasesor.com\/en\/wp-json\/wp\/v2\/tags?post=2022"}],"curies":[{"name":"wp","href":"https:\/\/api.w.org\/{rel}","templated":true}]}}